{"id":1008,"date":"2018-10-29T22:28:17","date_gmt":"2018-10-29T21:28:17","guid":{"rendered":"https:\/\/www.farnostrs.sk\/sk\/?p=1008"},"modified":"2018-12-17T19:26:56","modified_gmt":"2018-12-17T18:26:56","slug":"vecer-s-carlom-caretom","status":"publish","type":"post","link":"https:\/\/www.farnostrs.sk\/sk\/vecer-s-carlom-caretom\/","title":{"rendered":"Ve\u010der s Carlom Caretom"},"content":{"rendered":"\r\n<p class=\"wp-block-paragraph\">\r\nVe\u010der s Carlom Caretom za\u017eili \u00fa\u010dastn\u00edci koncertu v sobotu ve\u010der 27. \r\nokt\u00f3bra 2018 v podan\u00ed Luciana Bez\u00e1ka. Medit\u00e1cia a n\u00e1sledn\u00e1 piese\u0148 \u010di \r\nin\u0161trument\u00e1lna hudba dodali medit\u00e1cii z knihy Carla Careta n\u00e1dych \r\ntajomna.\r\n\r\n<\/p>\r\n\r\n\r\n\r\n<!--more-->\r\n\r\n\r\n\r\n<ul class=\"wp-block-gallery columns-2 is-cropped wp-block-gallery-1 is-layout-flex wp-block-gallery-is-layout-flex\"><li class=\"blocks-gallery-item\"><figure><img loading=\"lazy\" decoding=\"async\" width=\"4160\" height=\"3120\" src=\"https:\/\/www.farnostrs.sk\/sk\/wp-content\/uploads\/2018\/10\/IMG_20181027_180737603.jpg\" alt=\"\" data-id=\"1009\" data-link=\"https:\/\/www.farnostrs.sk\/sk\/?attachment_id=1009\" class=\"wp-image-1009\" srcset=\"https:\/\/www.farnostrs.sk\/sk\/wp-content\/uploads\/2018\/10\/IMG_20181027_180737603.jpg 4160w, https:\/\/www.farnostrs.sk\/sk\/wp-content\/uploads\/2018\/10\/IMG_20181027_180737603-300x225.jpg 300w, https:\/\/www.farnostrs.sk\/sk\/wp-content\/uploads\/2018\/10\/IMG_20181027_180737603-768x576.jpg 768w, https:\/\/www.farnostrs.sk\/sk\/wp-content\/uploads\/2018\/10\/IMG_20181027_180737603-1024x768.jpg 1024w\" sizes=\"auto, (max-width: 4160px) 100vw, 4160px\" \/><\/figure><\/li><li class=\"blocks-gallery-item\"><figure><img loading=\"lazy\" decoding=\"async\" width=\"4160\" height=\"3120\" src=\"https:\/\/www.farnostrs.sk\/sk\/wp-content\/uploads\/2018\/10\/IMG_20181027_181704175.jpg\" alt=\"\" data-id=\"1010\" data-link=\"https:\/\/www.farnostrs.sk\/sk\/?attachment_id=1010\" class=\"wp-image-1010\" srcset=\"https:\/\/www.farnostrs.sk\/sk\/wp-content\/uploads\/2018\/10\/IMG_20181027_181704175.jpg 4160w, https:\/\/www.farnostrs.sk\/sk\/wp-content\/uploads\/2018\/10\/IMG_20181027_181704175-300x225.jpg 300w, https:\/\/www.farnostrs.sk\/sk\/wp-content\/uploads\/2018\/10\/IMG_20181027_181704175-768x576.jpg 768w, https:\/\/www.farnostrs.sk\/sk\/wp-content\/uploads\/2018\/10\/IMG_20181027_181704175-1024x768.jpg 1024w\" sizes=\"auto, (max-width: 4160px) 100vw, 4160px\" \/><\/figure><\/li><\/ul>\r\n","protected":false},"excerpt":{"rendered":"<p>Ve\u010der s Carlom Caretom za\u017eili \u00fa\u010dastn\u00edci koncertu v sobotu ve\u010der 27. okt\u00f3bra 2018 v podan\u00ed Luciana Bez\u00e1ka. Medit\u00e1cia a n\u00e1sledn\u00e1 piese\u0148 \u010di in\u0161trument\u00e1lna hudba dodali medit\u00e1cii z knihy Carla Careta n\u00e1dych tajomna.<\/p>\n","protected":false},"author":1,"featured_media":0,"comment_status":"closed","ping_status":"open","sticky":false,"template":"","format":"standard","meta":{"_crdt_document":"","_monsterinsights_skip_tracking":false,"_monsterinsights_sitenote_active":false,"_monsterinsights_sitenote_note":"","_monsterinsights_sitenote_category":0,"ngg_post_thumbnail":0,"footnotes":""},"categories":[6],"tags":[],"class_list":["post-1008","post","type-post","status-publish","format-standard","hentry","category-zo-zivota-farnosti"],"publishpress_future_action":{"enabled":false,"date":"2026-05-09 11:19:32","action":"change-status","newStatus":"draft","terms":[],"taxonomy":"category","extraData":[]},"publishpress_future_workflow_manual_trigger":{"enabledWorkflows":[]},"_links":{"self":[{"href":"https:\/\/www.farnostrs.sk\/sk\/wp-json\/wp\/v2\/posts\/1008","targetHints":{"allow":["GET"]}}],"collection":[{"href":"https:\/\/www.farnostrs.sk\/sk\/wp-json\/wp\/v2\/posts"}],"about":[{"href":"https:\/\/www.farnostrs.sk\/sk\/wp-json\/wp\/v2\/types\/post"}],"author":[{"embeddable":true,"href":"https:\/\/www.farnostrs.sk\/sk\/wp-json\/wp\/v2\/users\/1"}],"replies":[{"embeddable":true,"href":"https:\/\/www.farnostrs.sk\/sk\/wp-json\/wp\/v2\/comments?post=1008"}],"version-history":[{"count":1,"href":"https:\/\/www.farnostrs.sk\/sk\/wp-json\/wp\/v2\/posts\/1008\/revisions"}],"predecessor-version":[{"id":1011,"href":"https:\/\/www.farnostrs.sk\/sk\/wp-json\/wp\/v2\/posts\/1008\/revisions\/1011"}],"wp:attachment":[{"href":"https:\/\/www.farnostrs.sk\/sk\/wp-json\/wp\/v2\/media?parent=1008"}],"wp:term":[{"taxonomy":"category","embeddable":true,"href":"https:\/\/www.farnostrs.sk\/sk\/wp-json\/wp\/v2\/categories?post=1008"},{"taxonomy":"post_tag","embeddable":true,"href":"https:\/\/www.farnostrs.sk\/sk\/wp-json\/wp\/v2\/tags?post=1008"}],"curies":[{"name":"wp","href":"https:\/\/api.w.org\/{rel}","templated":true}]}}