{"id":2773,"date":"2021-12-15T11:30:55","date_gmt":"2021-12-15T10:30:55","guid":{"rendered":"https:\/\/www.farnostrs.sk\/sk\/?p=2773"},"modified":"2021-12-15T11:33:12","modified_gmt":"2021-12-15T10:33:12","slug":"adventne-zamyslenie-streda-tretieho-adventneho-tyzdna","status":"publish","type":"post","link":"https:\/\/www.farnostrs.sk\/sk\/adventne-zamyslenie-streda-tretieho-adventneho-tyzdna\/","title":{"rendered":"Adventn\u00e9 zamyslenie: Streda tretieho adventn\u00e9ho t\u00fd\u017ed\u0148a"},"content":{"rendered":"<p><strong>Izai\u00e1\u0161 45, 6c-8 a 18, 21c-25; Luk\u00e1\u0161 7, 18b-23<\/strong><\/p>\n<p>,,Len v P\u00e1novi\u201d, &#8211; povedia o mne, &#8211; ,,je pravda a moc.\u201c K nemu pr\u00eddu, a to zahanben\u00ed, v\u0161etci; \u010do proti nemu bl\u010dali. V p\u00e1novi sa ospravedln\u00ed a osl\u00e1vi v\u0161etko Izraelovo potomstvo. (Izai\u00e1\u0161 45, 24-25)<br \/>\n<!--more--><br \/>\n<strong>Sebaobraz<\/strong><\/p>\n<p>Jedn\u00fdm z hlavn\u00fdch duchovn\u00fdch probl\u00e9mom v \u017eivote je lipnutie na vlastom sebaobraze &#8211; vytvorenom tak v pozit\u00edvnom ako aj negat\u00edvnom zmysle. Je jasn\u00e9, \u017ee si mus\u00edme vytvori\u0165 ur\u010dit\u00fa identitu, ale probl\u00e9m je v tom, \u017ee si pletieme tento obraz a predstavu o sebe, t\u00fdm kto skuto\u010dne sme v Bohu. Predstavy o veciach nie s\u00fa to ist\u00e9 \u010do veci sam\u00e9. V\u0161etci nutne za\u010d\u00edname tak, \u017ee si vytvor\u00edme nejak\u00fd sebaobraz, ale probl\u00e9m spo\u010d\u00edva v tom, \u017ee na \u0148om lipneme, \u017ee ho potrebujeme presadzova\u0165 a chr\u00e1ni\u0165, a \u017ee chceme prin\u00fati\u0165 ostatn\u00fdch, aby ho mali radi. A to je pasca.<\/p>\n<p>Na\u0161\u0165astie z n\u00e1s pr\u00e1ve toto mus\u00ed odstr\u00e1ni\u0165 Duch Sv\u00e4t\u00fd, aby sme sa na\u010falej mohli ,,chv\u00e1li\u0165\u201d ako hovor\u00ed prorok Izai\u00e1\u0161 Bo\u017e\u00edm obrazom n\u00e1s, a nie svojim sebaobrazom, svojou predstavou o sebe, ktor\u00e1 sa tak \u010di tak neust\u00e1le men\u00ed. To kto sme v Bohu (Gala\u0165anom 2, 20-21), predstavuje ove\u013ea trvalej\u0161\u00ed a pevnej\u0161\u00ed z\u00e1klad. St\u00e1le hovor\u00edm, \u017ee d\u00e1m st\u00e1le rad\u0161ej ochotne prednos\u0165 Bo\u017eiemu l\u00e1skav\u00e9mu pos\u00fadeniu mojej osoby pred svojim ne\u013e\u00fatostn\u00fdm odsudzovan\u00edm sam\u00e9ho seba. Bo\u017e\u00ed poh\u013ead na m\u0148a prijmem kedyko\u013evek, a je to v\u017edy poh\u013ead trpezliv\u00fd a milosrdn\u00fd, na rozdiel od toho, ak\u00fd un\u00e1hlen\u00fd \u00fasudok si o mne urobil m\u00f4j bl\u00ed\u017eny. Boh vo mne v\u017edy vid\u00ed svojho syna Je\u017ei\u0161a, ktor\u00e9ho nem\u00f4\u017eeme nemilova\u0165 (vi\u010f J\u00e1novo evanjelium 17, 22-23)! Toto je pevn\u00fd a trval\u00fd sebaobraz &#8211; nepodlieha zmen\u00e1m ako po\u010dasie. <\/p>\n<p>Za\u010diatkom 70. rokov na za\u010diatku svojej duchovnej slu\u017eby som pracoval s mlad\u00fdmi v Cincinnati. Pripadalo mi, \u017ee v\u00e4\u010d\u0161inu \u010dasu tr\u00e1vim presvied\u010dan\u00edm dospievaj\u00facich, \u017ee s\u00fa dobr\u00ed a hodnotn\u00ed. V\u0161etci toti\u017e sami seba nesmierne nen\u00e1videli. Pozdej\u0161ie som toto ist\u00e9 zbadal aj u dospel\u00fdch, ktor\u00ed o sebe neust\u00e1le pochybovali a boli zo seba zdesen\u00ed. Museli vynaklada\u0165 ve\u013ea energie na to, aby &#8211; ako hovoria Ameri\u010dania &#8211; ,,mali zo seba dobr\u00fd pocit\u201d. Ich sebaobraz bol zalo\u017een\u00fd na oby\u010dajnej psychologickej inform\u00e1cii miesto teologickej pravde. Evanjelium n\u00e1s uis\u0165uje, \u017ee sme Bo\u017eie deti &#8211; objekt\u00edvne i so svojou podstatou (porovnaj 1. J\u00e1nov list 3,2). To nie je to ist\u00e9 \u010do du\u0161evn\u00e9 hodnotenie. Je to ontologick\u00e9 a metafyzick\u00e9 a t\u00fdka sa to samotnej na\u0161ej podstaty : nejde to z\u00edska\u0165 ani strati\u0165. Ke\u010f sa n\u00e1m dan\u00fd Bo\u017e\u00ed obraz stane na\u0161\u00edm sebaobrazom, sme takpovediac ,,v suchu\u201d a evanjelium sa pre n\u00e1s stane to najlep\u0161ou spr\u00e1vou, v ak\u00fa m\u00f4\u017eeme d\u00fafa\u0165. <\/p>\n<p>Som presved\u010den\u00fd, \u017ee n\u00e1s tak ve\u013emi su\u017euj\u00fa pocity viny, n\u00edzka mienka o sebe, negat\u00edvny sebaobraz, sebanen\u00e1vis\u0165 a pr\u00edli\u0161n\u00e9 zaoberanie sa sebou preto, \u017ee sme svojmu kres\u0165ansk\u00e9mu \u013eudu dovolili, aby sa c\u00edtil ako doma vo svete, a aby to ako ch\u00e1pe seba sam\u00e9ho a s \u010d\u00edm sa stoto\u017e\u0148uje prij\u00edmal od sveta, o ktorom n\u00e1m v\u0161ak Je\u017ei\u0161 povedal, \u017ee ho nikdy pre seba nem\u00e1me pova\u017eova\u0165 ako normu! U J\u00e1na sa p\u00ed\u0161e (5:44). Ako m\u00f4\u017eete veri\u0165, vy ktor\u00ed sa navz\u00e1jom oslavujete, a neh\u013ead\u00e1te sl\u00e1vu, ktor\u00fa d\u00e1va len Boh?!. Mnoho z n\u00e1s prij\u00edma sebaobraz, tak \u00faspe\u0161n\u00e9ho ako aj ne\u00faspe\u0161n\u00e9ho \u010dloveka, predov\u0161etk\u00fdm zo syst\u00e9mu falo\u0161n\u00fdch obrazov. To ale nikdy fungova\u0165 nebude. Mus\u00edme n\u00e1js\u0165 svoje prav\u00e9 ja, ktor\u00e9 je ,,skryt\u00e9 spolo\u010dne s Kristom v Bohu\u201d, jak hovor\u00ed Pavol (Kolosanom 3:3). Alebo ako to vyjadrila Tereza z Avily: ,,N\u00e1jdi Boha v sebe a n\u00e1jdi seba v Bohu. \u201cPotom to v na\u0161om \u017eivote nebude v \u0161t\u00fdle raz hore, raz dole, ale budeme st\u00e1\u0165 pevne na Skale vekov. <\/p>\n<p><strong>K zamysleniu:<\/strong> <\/p>\n<p>Ktor\u00fd z va\u0161ich sebaobrazov (pozit\u00edvnych alebo negat\u00edvnych) prek\u00e1\u017ea vo va\u0161om vz\u0165ahu s Bohom? Poka\u017ed\u00e9 ke\u010f za\u010d\u00edname by\u0165 defenz\u00edvny alebo m\u00e1me emo\u010dn\u00e9 v\u00fdkyvy, je to znak toho, \u017ee lipneme na nejakom sebaobraze. <\/p>\n<p><em>Z knihy Richard Rohr &#8211; Preparing for Christmas Daily meditations for Advent<\/em> <\/p>\n","protected":false},"excerpt":{"rendered":"<p>Izai\u00e1\u0161 45, 6c-8 a 18, 21c-25; Luk\u00e1\u0161 7, 18b-23 ,,Len v P\u00e1novi\u201d, &#8211; povedia o mne, &#8211; ,,je pravda a moc.\u201c K nemu pr\u00eddu, a to zahanben\u00ed, v\u0161etci; \u010do proti nemu bl\u010dali. V p\u00e1novi sa ospravedln\u00ed a osl\u00e1vi v\u0161etko Izraelovo potomstvo. (Izai\u00e1\u0161 45, 24-25)<\/p>\n","protected":false},"author":1,"featured_media":2774,"comment_status":"closed","ping_status":"open","sticky":true,"template":"","format":"standard","meta":{"_crdt_document":"","_monsterinsights_skip_tracking":false,"_monsterinsights_sitenote_active":false,"_monsterinsights_sitenote_note":"","_monsterinsights_sitenote_category":0,"ngg_post_thumbnail":0,"footnotes":""},"categories":[14],"tags":[],"class_list":["post-2773","post","type-post","status-publish","format-standard","has-post-thumbnail","hentry","category-adventne-zamyslenia"],"publishpress_future_action":{"enabled":false,"date":"2026-05-07 12:57:41","action":"change-status","newStatus":"draft","terms":[],"taxonomy":"category","extraData":[]},"publishpress_future_workflow_manual_trigger":{"enabledWorkflows":[]},"_links":{"self":[{"href":"https:\/\/www.farnostrs.sk\/sk\/wp-json\/wp\/v2\/posts\/2773","targetHints":{"allow":["GET"]}}],"collection":[{"href":"https:\/\/www.farnostrs.sk\/sk\/wp-json\/wp\/v2\/posts"}],"about":[{"href":"https:\/\/www.farnostrs.sk\/sk\/wp-json\/wp\/v2\/types\/post"}],"author":[{"embeddable":true,"href":"https:\/\/www.farnostrs.sk\/sk\/wp-json\/wp\/v2\/users\/1"}],"replies":[{"embeddable":true,"href":"https:\/\/www.farnostrs.sk\/sk\/wp-json\/wp\/v2\/comments?post=2773"}],"version-history":[{"count":3,"href":"https:\/\/www.farnostrs.sk\/sk\/wp-json\/wp\/v2\/posts\/2773\/revisions"}],"predecessor-version":[{"id":2777,"href":"https:\/\/www.farnostrs.sk\/sk\/wp-json\/wp\/v2\/posts\/2773\/revisions\/2777"}],"wp:featuredmedia":[{"embeddable":true,"href":"https:\/\/www.farnostrs.sk\/sk\/wp-json\/wp\/v2\/media\/2774"}],"wp:attachment":[{"href":"https:\/\/www.farnostrs.sk\/sk\/wp-json\/wp\/v2\/media?parent=2773"}],"wp:term":[{"taxonomy":"category","embeddable":true,"href":"https:\/\/www.farnostrs.sk\/sk\/wp-json\/wp\/v2\/categories?post=2773"},{"taxonomy":"post_tag","embeddable":true,"href":"https:\/\/www.farnostrs.sk\/sk\/wp-json\/wp\/v2\/tags?post=2773"}],"curies":[{"name":"wp","href":"https:\/\/api.w.org\/{rel}","templated":true}]}}