{"id":4750,"date":"2026-09-02T10:41:46","date_gmt":"2026-09-02T08:41:46","guid":{"rendered":"https:\/\/www.farnostrs.sk\/sk\/?p=4750"},"modified":"2026-09-02T10:44:49","modified_gmt":"2026-09-02T08:44:49","slug":"pozvanka-narodny-pochod-za-zivot-20-septembra-2026","status":"publish","type":"post","link":"https:\/\/www.farnostrs.sk\/sk\/pozvanka-narodny-pochod-za-zivot-20-septembra-2026\/","title":{"rendered":"POZV\u00c1NKA: N\u00e1rodn\u00fd pochod za \u017eivot 20. septembra 2026"},"content":{"rendered":"<p>\u201eBratia a sestry, v nede\u013eu 20. septembra 2026 sa v Bratislave uskuto\u010dn\u00ed piaty N\u00e1rodn\u00fd pochod za \u017eivot. Vyjadr\u00edme n\u00edm t\u00fa\u017ebu chr\u00e1ni\u0165 \u017eivot ka\u017ed\u00e9ho \u010dloveka od po\u010datia po prirodzen\u00fa smr\u0165.<\/p>\n<p>V nede\u013eu dopoludnia bud\u00fa v bratislavsk\u00fdch kostoloch sl\u00e1ven\u00e9 sv\u00e4t\u00e9 om\u0161e s biskupmi Slovenska pod\u013ea jednotliv\u00fdch diec\u00e9z.<\/p>\n<p>Ro\u017e\u0148avsk\u00e1 diec\u00e9za bude ma\u0165 spolo\u010dn\u00fa sv\u00e4t\u00fa om\u0161u v Kostole Zvestovania P\u00e1na (Franti\u0161k\u00e1ni) na Franti\u0161k\u00e1nskom n\u00e1mest\u00ed \u010d. 1 o 10.30 hod.<\/p>\n<p>Hlavn\u00fd program za\u010dne o 13:30 hod. na N\u00e1mest\u00ed slobody.<br \/>\n<!--more--><\/p>\n<p>Podujatie sa kon\u00e1 pod z\u00e1\u0161titou Konferencie biskupov Slovenska. Srde\u010dne v\u00e1s poz\u00fdvame!&#8220;<br \/>\n<img loading=\"lazy\" decoding=\"async\" src=\"https:\/\/www.farnostrs.sk\/sk\/wp-content\/uploads\/2026\/09\/Plagat-NPzZ_2026-A4-212x300.jpg\" alt=\"\" width=\"636\" height=\"900\" class=\"alignnone size-medium wp-image-4751\" srcset=\"https:\/\/www.farnostrs.sk\/sk\/wp-content\/uploads\/2026\/09\/Plagat-NPzZ_2026-A4-212x300.jpg 212w, https:\/\/www.farnostrs.sk\/sk\/wp-content\/uploads\/2026\/09\/Plagat-NPzZ_2026-A4-724x1024.jpg 724w, https:\/\/www.farnostrs.sk\/sk\/wp-content\/uploads\/2026\/09\/Plagat-NPzZ_2026-A4-768x1086.jpg 768w, https:\/\/www.farnostrs.sk\/sk\/wp-content\/uploads\/2026\/09\/Plagat-NPzZ_2026-A4-1086x1536.jpg 1086w, https:\/\/www.farnostrs.sk\/sk\/wp-content\/uploads\/2026\/09\/Plagat-NPzZ_2026-A4-1448x2048.jpg 1448w, https:\/\/www.farnostrs.sk\/sk\/wp-content\/uploads\/2026\/09\/Plagat-NPzZ_2026-A4.jpg 1810w\" sizes=\"auto, (max-width: 636px) 100vw, 636px\" \/><\/p>\n","protected":false},"excerpt":{"rendered":"<p>\u201eBratia a sestry, v nede\u013eu 20. septembra 2026 sa v Bratislave uskuto\u010dn\u00ed piaty N\u00e1rodn\u00fd pochod za \u017eivot. Vyjadr\u00edme n\u00edm t\u00fa\u017ebu chr\u00e1ni\u0165 \u017eivot ka\u017ed\u00e9ho \u010dloveka od po\u010datia po prirodzen\u00fa smr\u0165. V nede\u013eu dopoludnia bud\u00fa v bratislavsk\u00fdch kostoloch sl\u00e1ven\u00e9 sv\u00e4t\u00e9 om\u0161e s biskupmi Slovenska pod\u013ea jednotliv\u00fdch diec\u00e9z. Ro\u017e\u0148avsk\u00e1 diec\u00e9za bude ma\u0165 spolo\u010dn\u00fa sv\u00e4t\u00fa om\u0161u v Kostole Zvestovania &hellip; <a href=\"https:\/\/www.farnostrs.sk\/sk\/pozvanka-narodny-pochod-za-zivot-20-septembra-2026\/\" class=\"more-link\">Pokra\u010dova\u0165 v \u010d\u00edtan\u00ed: <span class=\"screen-reader-text\">POZV\u00c1NKA: N\u00e1rodn\u00fd pochod za \u017eivot 20. septembra 2026<\/span><\/a><\/p>\n","protected":false},"author":1,"featured_media":0,"comment_status":"closed","ping_status":"open","sticky":true,"template":"","format":"standard","meta":{"_monsterinsights_skip_tracking":false,"ngg_post_thumbnail":0,"footnotes":""},"categories":[4],"tags":[],"class_list":["post-4750","post","type-post","status-publish","format-standard","hentry","category-pozvanka"],"publishpress_future_action":{"enabled":true,"date":"2026-09-20 22:00:00","action":"change-status","newStatus":"draft","terms":[0],"taxonomy":"category","extraData":[]},"publishpress_future_workflow_manual_trigger":{"enabledWorkflows":[]},"_links":{"self":[{"href":"https:\/\/www.farnostrs.sk\/sk\/wp-json\/wp\/v2\/posts\/4750","targetHints":{"allow":["GET"]}}],"collection":[{"href":"https:\/\/www.farnostrs.sk\/sk\/wp-json\/wp\/v2\/posts"}],"about":[{"href":"https:\/\/www.farnostrs.sk\/sk\/wp-json\/wp\/v2\/types\/post"}],"author":[{"embeddable":true,"href":"https:\/\/www.farnostrs.sk\/sk\/wp-json\/wp\/v2\/users\/1"}],"replies":[{"embeddable":true,"href":"https:\/\/www.farnostrs.sk\/sk\/wp-json\/wp\/v2\/comments?post=4750"}],"version-history":[{"count":4,"href":"https:\/\/www.farnostrs.sk\/sk\/wp-json\/wp\/v2\/posts\/4750\/revisions"}],"predecessor-version":[{"id":4755,"href":"https:\/\/www.farnostrs.sk\/sk\/wp-json\/wp\/v2\/posts\/4750\/revisions\/4755"}],"wp:attachment":[{"href":"https:\/\/www.farnostrs.sk\/sk\/wp-json\/wp\/v2\/media?parent=4750"}],"wp:term":[{"taxonomy":"category","embeddable":true,"href":"https:\/\/www.farnostrs.sk\/sk\/wp-json\/wp\/v2\/categories?post=4750"},{"taxonomy":"post_tag","embeddable":true,"href":"https:\/\/www.farnostrs.sk\/sk\/wp-json\/wp\/v2\/tags?post=4750"}],"curies":[{"name":"wp","href":"https:\/\/api.w.org\/{rel}","templated":true}]}}